{"id":650,"date":"2017-12-01T18:00:15","date_gmt":"2017-12-01T18:00:15","guid":{"rendered":"http:\/\/www.greentur.com.br\/blog\/?p=650"},"modified":"2017-12-01T23:53:34","modified_gmt":"2017-12-01T23:53:34","slug":"as-vantagens-de-tomar-sol","status":"publish","type":"post","link":"https:\/\/www.greentur.com.br\/blog\/as-vantagens-de-tomar-sol\/","title":{"rendered":"As vantagens de tomar sol"},"content":{"rendered":"<p>O <strong>ver\u00e3o<\/strong> vem chegando, e com ele duas palavras logo nos v\u00eam \u00e0 cabe\u00e7a: <strong>Mar<\/strong> e <strong>Sol<\/strong>! \u00c9 a esta\u00e7\u00e3o do ano mais esperada pela grande maioria das pessoas, pois, o <strong>ver\u00e3o<\/strong> propicia maior pr\u00e1tica de esportes, atividades ao ar livre e, \u00e9 claro, idas a praia.<\/p>\n<p>Como semana passada postamos aqui 8 benef\u00edcios da \u00e1gua do <strong>mar<\/strong>, hoje apresentaremos algumas vantagens de tomar <strong>sol<\/strong>.e produ\u00e7\u00e3o de <strong>vitamina D<\/strong> pelo corpo, que \u00e9 essencial de v\u00e1rias maneiras ao corpo. A produ\u00e7\u00e3o de <strong>vitamina D<\/strong> pela exposi\u00e7\u00e3o ao <strong>sol<\/strong> \u00e9 maior e traz mais benef\u00edcios ao longo do tempo do que a suplementa\u00e7\u00e3o oral, por meio de comprimidos.<\/p>\n<p>&#8211; Diminui o risco de depress\u00e3o &#8211; A exposi\u00e7\u00e3o ao <strong>sol<\/strong> aumenta a produ\u00e7\u00e3o de endorfina pelo c\u00e9rebro,\u00a0subst\u00e2ncia antidepressiva natural, que promove sensa\u00e7\u00e3o de bem-estar e aumenta\u00a0os n\u00edveis de alegria. Al\u00e9m disto, a luz solar estimula a transforma\u00e7\u00e3o da melatonina, horm\u00f4nio produzido durante o sono, em serotonia, que \u00e9 importante para o bom humor.<\/p>\n<p>&#8211; Melhora a qualidade do sono &#8211; A luz do <strong>sol<\/strong> ajuda a regular o ciclo do sono, que \u00e9 quando o corpo compreende que est\u00e1 na hora de dormir ou de fic<\/p>\n<p>&#8211; Produ\u00e7\u00e3o de <strong>Vitamina D<\/strong> &#8211; A exposi\u00e7\u00e3o ao <strong>sol<\/strong> \u00e9 a principal forma dar acordado, e evita epis\u00f3dios de ins\u00f4nia ou dificuldade para pegar no sono \u00e0 noite.<\/p>\n<p>&#8211; Protege o organismo contra doen\u00e7as da pele &#8211; A exposi\u00e7\u00e3o ao <strong>sol<\/strong>\u00a0moderada e nos hor\u00e1rios corretos ajuda a regular o sistema imune, dificultando a forma\u00e7\u00e3o e combatendo as\u00a0doen\u00e7as da pele relacionadas \u00e0 imunidade, como psor\u00edase, vitiligo e dermatite at\u00f3pica.<\/p>\n<p>&#8211; Ficar bronzeado &#8211; Tomar <strong>sol<\/strong>, moderadamente, estimula a produ\u00e7\u00e3o de melanina, que \u00e9 o horm\u00f4nio que d\u00e1 o tom mais escuro \u00e0 pele, impede a absor\u00e7\u00e3o de mais raios UVB, protegendo o corpo contra seus efeitos t\u00f3xicos. Para obter estes benef\u00edcios, n\u00e3o se deve tomar <strong>sol<\/strong> exageradamente, pois em excesso, o <strong>sol<\/strong> pode trazer consequ\u00eancias ruins, como insola\u00e7\u00e3o, desidrata\u00e7\u00e3o ou c\u00e2ncer de pele. Al\u00e9m disto, para diminuir os riscos da exposi\u00e7\u00e3o aos raios UV do <strong>sol<\/strong>, \u00e9 recomendado o uso de protetor solar, no m\u00ednimo FPS 15, cerca de 15 a 30 minutos antes, e repor a cada 2h.<\/p>\n<p>Agora \u00e9 s\u00f3 relaxar e curtir esta \u00e9poca deliciosa.<\/p>\n<p>Entre em contato conosco, ficaremos felizes em ajudar :) <a href=\"mailto:atendimento@greentur.com.br\">atendimento@greentur.com.br<\/a><\/p>\n","protected":false},"excerpt":{"rendered":"<p>O ver\u00e3o vem chegando, e com ele duas palavras logo nos v\u00eam \u00e0 cabe\u00e7a: Mar e Sol! \u00c9 a esta\u00e7\u00e3o do ano mais esperada pela grande maioria das pessoas, pois, o ver\u00e3o propicia maior pr\u00e1tica de esportes,&#8230;<\/p>\n","protected":false},"author":2,"featured_media":651,"comment_status":"open","ping_status":"open","sticky":false,"template":"","format":"standard","meta":{"_exactmetrics_skip_tracking":false,"_exactmetrics_sitenote_active":false,"_exactmetrics_sitenote_note":"","_exactmetrics_sitenote_category":0,"footnotes":""},"categories":[19],"tags":[209,212,211,12,141,157,213],"class_list":["post-650","post","type-post","status-publish","format-standard","has-post-thumbnail","hentry","category-curiosidades","tag-mar","tag-sol","tag-verao","tag-viagem","tag-viagens","tag-viajar","tag-vitamina-d"],"_links":{"self":[{"href":"https:\/\/www.greentur.com.br\/blog\/wp-json\/wp\/v2\/posts\/650","targetHints":{"allow":["GET"]}}],"collection":[{"href":"https:\/\/www.greentur.com.br\/blog\/wp-json\/wp\/v2\/posts"}],"about":[{"href":"https:\/\/www.greentur.com.br\/blog\/wp-json\/wp\/v2\/types\/post"}],"author":[{"embeddable":true,"href":"https:\/\/www.greentur.com.br\/blog\/wp-json\/wp\/v2\/users\/2"}],"replies":[{"embeddable":true,"href":"https:\/\/www.greentur.com.br\/blog\/wp-json\/wp\/v2\/comments?post=650"}],"version-history":[{"count":2,"href":"https:\/\/www.greentur.com.br\/blog\/wp-json\/wp\/v2\/posts\/650\/revisions"}],"predecessor-version":[{"id":653,"href":"https:\/\/www.greentur.com.br\/blog\/wp-json\/wp\/v2\/posts\/650\/revisions\/653"}],"wp:featuredmedia":[{"embeddable":true,"href":"https:\/\/www.greentur.com.br\/blog\/wp-json\/wp\/v2\/media\/651"}],"wp:attachment":[{"href":"https:\/\/www.greentur.com.br\/blog\/wp-json\/wp\/v2\/media?parent=650"}],"wp:term":[{"taxonomy":"category","embeddable":true,"href":"https:\/\/www.greentur.com.br\/blog\/wp-json\/wp\/v2\/categories?post=650"},{"taxonomy":"post_tag","embeddable":true,"href":"https:\/\/www.greentur.com.br\/blog\/wp-json\/wp\/v2\/tags?post=650"}],"curies":[{"name":"wp","href":"https:\/\/api.w.org\/{rel}","templated":true}]}}